{"id":333,"date":"2017-03-29T11:07:00","date_gmt":"2017-03-29T11:07:00","guid":{"rendered":"http:\/\/rubystintengewisper.de\/?p=333"},"modified":"2021-08-10T11:08:05","modified_gmt":"2021-08-10T11:08:05","slug":"dein-mund-voll-ungesagter-dinge","status":"publish","type":"post","link":"https:\/\/rubystintengewisper.de\/?p=333","title":{"rendered":"Dein Mund voll ungesagter Dinge"},"content":{"rendered":"\n<figure class=\"wp-block-image\"><a href=\"https:\/\/2.bp.blogspot.com\/-FNYpUjJtrcQ\/WM6uehxH6NI\/AAAAAAAAJzQ\/6UAtXHeS41Qo7gku_S6CPCYv6qVZ3jHfQCLcB\/s1600\/Mund.png\"><img decoding=\"async\" src=\"https:\/\/2.bp.blogspot.com\/-FNYpUjJtrcQ\/WM6uehxH6NI\/AAAAAAAAJzQ\/6UAtXHeS41Qo7gku_S6CPCYv6qVZ3jHfQCLcB\/s1600\/Mund.png\" alt=\"\"\/><\/a><\/figure>\n\n\n\n<p><em><strong>Titel:<\/strong><\/em> Dein Mund voll ungesagter Dinge <em><strong>Reihe: <\/strong><\/em>Nein &#8211; Einzelband<br><em><strong>Genre: <\/strong><\/em>Jugendbuch \/ Romantik<br><em><strong>Sprache: <\/strong><\/em>Deutsch <em><strong>Autor: <\/strong><\/em>Anne Freytag <em><strong>Verlag: <\/strong><\/em><a href=\"https:\/\/www.randomhouse.de\/Paperback\/Den-Mund-voll-ungesagter-Dinge\/Anne-Freytag\/Heyne-fliegt\/e512839.rhd\">Heyne fliegt<\/a><em><strong>ISBN:\u00a0<\/strong><\/em>978-3-453-27103-6 <em><strong>Preis: <\/strong><\/em>14,99 $ (D) Taschenbuch <em><strong>Seiten: <\/strong><\/em>400 <em><strong>empfohlenes Alter:<\/strong><\/em> ab 14 Jahren <em><strong>Erschienen:<\/strong><\/em> 6. M\u00e4rz 2017 <em><strong><a href=\"https:\/\/www.randomhouse.de\/Paperback\/Den-Mund-voll-ungesagter-Dinge\/Anne-Freytag\/Heyne-fliegt\/e512839.rhd\">Leseprobe<\/a><\/strong><\/em><br><br><br><em><strong>Bei meinem lausigen Lungenvolumen komme ich vermutlich erst morgen wieder. Bis gleich.<\/strong><\/em><\/p>\n\n\n\n<figure class=\"wp-block-image\"><a href=\"http:\/\/1.bp.blogspot.com\/-FHNqpCaFZ7A\/U4XLKV3Jw4I\/AAAAAAAACUw\/uLk0JLuJG5A\/s1600\/Klappentext.png\"><img decoding=\"async\" src=\"https:\/\/1.bp.blogspot.com\/-FHNqpCaFZ7A\/U4XLKV3Jw4I\/AAAAAAAACUw\/uLk0JLuJG5A\/s1600\/Klappentext.png\" alt=\"\"\/><\/a><\/figure>\n\n\n\n<p>Wenn Sophie es sich aussuchen k\u00f6nnte, w\u00e4re ihr Leben simpel. Aber das ist es nicht. Und das war es auch nie. Das f\u00e4ngt damit an, dass ihre Mutter sie direkt nach der Geburt im Stich gelassen hat. Und endet damit, dass Sophies Vater pl\u00f6tzlich beschlie\u00dft, mit seiner Tochter zu seiner Freundin nach M\u00fcnchen zu ziehen. Alle sind gl\u00fccklich. Bis auf Sophie.<br><br>Was hat es blo\u00df mit dieser verdammten Liebe auf sich? Sophie selbst war noch nie verliebt. Klar gab es Jungs, einsam ist sie trotzdem. Bis sie in der neuen Stadt auf Alex trifft. Das Nachbarsm\u00e4dchen mit der kleinen L\u00fccke zwischen den Z\u00e4hnen, den gr\u00fcnen Augen und dem ansteckenden Lachen. Zum ersten Mal l\u00e4sst sich Sophie voll und ganz auf einen anderen Menschen ein. Und pl\u00f6tzlich ist das Leben neu und aufregend. Bis ein Kuss alles ver\u00e4ndert.<\/p>\n\n\n\n<figure class=\"wp-block-image\"><a href=\"http:\/\/4.bp.blogspot.com\/-gGJn-WfFfAU\/U6VnJ00Ii3I\/AAAAAAAACog\/K8GH2kv5Foo\/s1600\/Cover.png\"><img decoding=\"async\" src=\"https:\/\/4.bp.blogspot.com\/-gGJn-WfFfAU\/U6VnJ00Ii3I\/AAAAAAAACog\/K8GH2kv5Foo\/s1600\/Cover.png\" alt=\"\"\/><\/a><\/figure>\n\n\n\n<p>Im Grunde ist das Cover nat\u00fcrlich wirklich eher einfach gehalten. Auch wenn durch die Farbe nat\u00fcrlich sofort eine Signalwirkung entsteht. Dennoch hat er bei mir irgendwie gleich einen Nerv getroffen. Vielleicht lag es auch am Titel. Immerhin kennt das sicher jeder. Wenn man den Kopf voller Worte hat, aber schon wei\u00df das es entweder unpassend w\u00e4re die nun auszusprechen, oder man zu Mister und Miss unnett gek\u00fcrt wird.<br><\/p>\n\n\n\n<figure class=\"wp-block-image\"><a href=\"https:\/\/2.bp.blogspot.com\/-fJfWz678eYQ\/WNwEsFeMweI\/AAAAAAAAJ0g\/Sa5iIHkoplENCRpQQEMy4sJmD02Ljm3xACLcB\/s1600\/Handlung.png\"><img decoding=\"async\" src=\"https:\/\/2.bp.blogspot.com\/-fJfWz678eYQ\/WNwEsFeMweI\/AAAAAAAAJ0g\/Sa5iIHkoplENCRpQQEMy4sJmD02Ljm3xACLcB\/s1600\/Handlung.png\" alt=\"\"\/><\/a><\/figure>\n\n\n\n<p>Erster Satz &#8211;<em><strong>Ich sollte schlafen, aber ich kann nicht.&nbsp;<\/strong><\/em><br><br>Sophie hasst einfach alles hier in ihrem neuen Zuhause, das einfach nicht zu ihr passen will. Das Haus, ihre neue Stiefmutter, M\u00fcnchen. Vielleicht sind der Hund und ihre kleinen neuen Br\u00fcder keine vollendeten Minuspunkte. Aber der Rest. Sie hasste das alles hier. Wollte das alles hier hassen. Doch dann trifft sie durch einen recht peinlichen Zufall die Nachbarstochter Alex und ihre Freunde. Irgendwie schafft sie es sich da nicht vollkommen zur\u00fcckzuziehen. Denn Alex ist recht hartn\u00e4ckig und nett und als auf einer Party etwas passiert, wei\u00df Sophie pl\u00f6tzlich nicht mehr ein noch aus.<br><br><em><strong>Ich wusste nicht, dass man so gl\u00fccklich sein kann. Ich habe es in Filmen gesehen und in B\u00fcchern gelesen, aber ich habe es nie gef\u00fchlt. Bis jetzt.<\/strong><\/em><br><br>Alles scheint neu. Anders.<br>Ist sie irgendwie seltsam?<br>Oder kommt doch alles zu einem guten Ende.<br><\/p>\n\n\n\n<figure class=\"wp-block-image\"><a href=\"https:\/\/1.bp.blogspot.com\/-5SWqb68RqRg\/WNwGl2MddbI\/AAAAAAAAJ0o\/j_SuvuiViyYUq60QWc-MPGrhYLaX-9jEwCLcB\/s1600\/Schreibstil.png\"><img decoding=\"async\" src=\"https:\/\/1.bp.blogspot.com\/-5SWqb68RqRg\/WNwGl2MddbI\/AAAAAAAAJ0o\/j_SuvuiViyYUq60QWc-MPGrhYLaX-9jEwCLcB\/s1600\/Schreibstil.png\" alt=\"\"\/><\/a><\/figure>\n\n\n\n<p>Von den ersten Seiten an bin ich vollkommen fasziniert von diesem Buch gewesen. Einfach weil irgendwie alles gestimmt hat. Die Charaktere, aber vorallen dieser tolle Stil. Ehrlich, wie erlebt sozusagen.. Einfach toll. Die Charaktere werden durch flie\u00dfende Dialoge, haltlose Gedanken und eine Nat\u00fcrlichkeit so wunderbar lebendig. Der Stil der Autorin verlieht jeder Szene diese N\u00e4he, das ein hineinversetzen so einfach ist. Ich fieberte mit, konnte mir ein verz\u00fccktes Quietschen nicht verkneifen, wenn die Spannung bis zum n\u00e4chsten Gipfel kaum ertr\u00e4glich war.<br>Ich habe dieses Buch nicht nur gelesen, ich habe darin gelebt. Mit den Charakteren, mit den Gef\u00fchlen. Traumhaft.<br><\/p>\n\n\n\n<figure class=\"wp-block-image\"><a href=\"https:\/\/4.bp.blogspot.com\/--rr15ySqVJE\/WNwIHybtbMI\/AAAAAAAAJ0w\/gE6fHokFkYgA6yKlqZvKC4lr4J1qe1R9gCLcB\/s1600\/Charaktere.png\"><img decoding=\"async\" src=\"https:\/\/4.bp.blogspot.com\/--rr15ySqVJE\/WNwIHybtbMI\/AAAAAAAAJ0w\/gE6fHokFkYgA6yKlqZvKC4lr4J1qe1R9gCLcB\/s1600\/Charaktere.png\" alt=\"\"\/><\/a><\/figure>\n\n\n\n<p>Sophie ist wie so viele M\u00e4dchen und ich selber auch. Direkt, mit so wahnsinnig vielen Gedanken im Kopf, die nie hinaufd\u00fcrfen. Mit tausenden Fragen zur Welt, dem Leben, den ersten Schmetterlingen im Bauch. Kurz um, sie ist ein M\u00e4dchen, mit denen sich wahnsinnig viele sehr leicht identifizieren k\u00f6nnen. Einfach mit Macken, Kanten, Ecken und Launen. Auch Alex fand ich toll. Ein M\u00e4dchen, das viel versteckt h\u00e4lt und heile Welt spielt, was aber wirklich los ist, zeigt sich erst. Gleichzeitig steigen die Probleme, denn eigentlich ist da noch Clements, ihr Freund.<\/p>\n\n\n\n<p>Mein Liebling der Nebencharas war \u00fcbrigens Lukas. Ein so toller Junge, den ich einfach m\u00f6gen musste. Er war f\u00fcr seine beste Freundin da. War cool. Verst\u00e4ndnisvoll und rundete das so genial ab. Diese Beziehung zwischen ihm und Sophie ist wirklich eine sehr besondere. Ich glaube, einem Band von ihm w\u00e4re ich auch nicht abgeneigt.<\/p>\n\n\n\n<figure class=\"wp-block-image\"><a href=\"https:\/\/4.bp.blogspot.com\/-VkHlZHEGedQ\/WNwKCc86BfI\/AAAAAAAAJ04\/j0rapQcK9BI618SrdkEUNpGVlS1POUx0ACLcB\/s1600\/Meinung.png\"><img decoding=\"async\" src=\"https:\/\/4.bp.blogspot.com\/-VkHlZHEGedQ\/WNwKCc86BfI\/AAAAAAAAJ04\/j0rapQcK9BI618SrdkEUNpGVlS1POUx0ACLcB\/s1600\/Meinung.png\" alt=\"\"\/><\/a><\/figure>\n\n\n\n<p>Dieses Buch enth\u00e4lt eine besondere Liebesgeschichte. Eine Geschichte so zartf\u00fchlend erz\u00e4hlt wie Libellenfl\u00fcgel. Mit Worten, die die Verwirrung aufzeigen, die Gef\u00fchle, die Unsicherheit. Was es hei\u00dft nicht dem &#8222;typischen&#8220; Muster zu entsprechen. Und ich habe jede Seite wahnsinnig geliebt. So sehr, das ich das Bed\u00fcrfnis hatte, mir das Buch einzuteilen damit es l\u00e4nger h\u00e4lt und doch gleichzeitig wissen wollte, wie es weiter geht.<br>Fantastisch.<br>Jeder der also eine tolle, tiefgr\u00fcndige, fantastische Liebesgeschichte lesen m\u00f6chte, greift einfach mal nach diesem Buch. L\u00e4sst sich fallen und bekommt dieses zufriedene L\u00e4cheln nicht aus dem Gesicht.<br>Das einzige was mich etwas gest\u00f6rt hatte, war das ein Typ relativ hartn\u00e4ckig um Sophie herumget\u00e4nzelt ist und dann aber einfach so aus dem Blick verschwunden war. Das h\u00e4tte man vielleicht etwas eleganter L\u00f6sen k\u00f6nnen. Wirkte f\u00fcr mich so als w\u00e4re einfach etwas vergessen worden. Er war zwar ein Idiot, aber hat er das verdient?\ud83d\ude09<\/p>\n\n\n\n<figure class=\"wp-block-image\"><a href=\"https:\/\/4.bp.blogspot.com\/-liqpI4kD4I4\/WNwMJsnUglI\/AAAAAAAAJ1A\/mZxgsMGOHWILrH23ycbe__Q9hghORefWgCLcB\/s1600\/Fazit.png\"><img decoding=\"async\" src=\"https:\/\/4.bp.blogspot.com\/-liqpI4kD4I4\/WNwMJsnUglI\/AAAAAAAAJ1A\/mZxgsMGOHWILrH23ycbe__Q9hghORefWgCLcB\/s1600\/Fazit.png\" alt=\"\"\/><\/a><\/figure>\n\n\n\n<p>Ein fantastisches Buch das ich gleich noch mal lesen k\u00f6nnte und jedem ans Herz lese. Eine besodnere Liebe, besondere Charaktere. Nun fehlen nur noch die besonderen Leser.&nbsp;<\/p>\n\n\n\n<figure class=\"wp-block-image\"><a href=\"https:\/\/3.bp.blogspot.com\/-AJu95aaiDRs\/WNwMTiXrefI\/AAAAAAAAJ1E\/MYSY7KK2MPoWQ1KpuOYuHtjVF07JXg4ngCLcB\/s1600\/6.png\"><img decoding=\"async\" src=\"https:\/\/3.bp.blogspot.com\/-AJu95aaiDRs\/WNwMTiXrefI\/AAAAAAAAJ1E\/MYSY7KK2MPoWQ1KpuOYuHtjVF07JXg4ngCLcB\/s1600\/6.png\" alt=\"\"\/><\/a><\/figure>\n\n\n\n<p>6 von 6 Kr\u00fcmelt\u00f6rtchen f\u00fcr dieses Leseerlebnis. Mit Sahne und Kirsche obendrauf.<\/p>\n","protected":false},"excerpt":{"rendered":"<p>Titel: Dein Mund voll ungesagter Dinge Reihe: Nein &#8211; EinzelbandGenre: Jugendbuch \/ RomantikSprache: Deutsch Autor: Anne Freytag Verlag: Heyne fliegtISBN:\u00a0978-3-453-27103-6 Preis: 14,99 $ (D) Taschenbuch Seiten: 400 empfohlenes Alter: ab 14 Jahren Erschienen: 6. M\u00e4rz 2017 Leseprobe Bei meinem lausigen&#8230;<\/p>\n","protected":false},"author":1,"featured_media":0,"comment_status":"open","ping_status":"open","sticky":false,"template":"","format":"standard","meta":{"jetpack_post_was_ever_published":false,"_jetpack_newsletter_access":"","_jetpack_dont_email_post_to_subs":false,"_jetpack_newsletter_tier_id":0,"_jetpack_memberships_contains_paywalled_content":false,"_jetpack_memberships_contains_paid_content":false,"footnotes":"","_links_to":"","_links_to_target":""},"categories":[1],"tags":[],"class_list":["post-333","post","type-post","status-publish","format-standard","hentry","category-uncategorized"],"jetpack_featured_media_url":"","jetpack_likes_enabled":true,"jetpack-related-posts":[],"jetpack_sharing_enabled":true,"_links":{"self":[{"href":"https:\/\/rubystintengewisper.de\/index.php?rest_route=\/wp\/v2\/posts\/333","targetHints":{"allow":["GET"]}}],"collection":[{"href":"https:\/\/rubystintengewisper.de\/index.php?rest_route=\/wp\/v2\/posts"}],"about":[{"href":"https:\/\/rubystintengewisper.de\/index.php?rest_route=\/wp\/v2\/types\/post"}],"author":[{"embeddable":true,"href":"https:\/\/rubystintengewisper.de\/index.php?rest_route=\/wp\/v2\/users\/1"}],"replies":[{"embeddable":true,"href":"https:\/\/rubystintengewisper.de\/index.php?rest_route=%2Fwp%2Fv2%2Fcomments&post=333"}],"version-history":[{"count":1,"href":"https:\/\/rubystintengewisper.de\/index.php?rest_route=\/wp\/v2\/posts\/333\/revisions"}],"predecessor-version":[{"id":334,"href":"https:\/\/rubystintengewisper.de\/index.php?rest_route=\/wp\/v2\/posts\/333\/revisions\/334"}],"wp:attachment":[{"href":"https:\/\/rubystintengewisper.de\/index.php?rest_route=%2Fwp%2Fv2%2Fmedia&parent=333"}],"wp:term":[{"taxonomy":"category","embeddable":true,"href":"https:\/\/rubystintengewisper.de\/index.php?rest_route=%2Fwp%2Fv2%2Fcategories&post=333"},{"taxonomy":"post_tag","embeddable":true,"href":"https:\/\/rubystintengewisper.de\/index.php?rest_route=%2Fwp%2Fv2%2Ftags&post=333"}],"curies":[{"name":"wp","href":"https:\/\/api.w.org\/{rel}","templated":true}]}}