{"id":462,"date":"2017-06-16T12:56:00","date_gmt":"2017-06-16T12:56:00","guid":{"rendered":"http:\/\/rubystintengewisper.de\/?p=462"},"modified":"2021-08-10T12:57:52","modified_gmt":"2021-08-10T12:57:52","slug":"der-strahlende-weg-1-die-pforte-der-schatten","status":"publish","type":"post","link":"https:\/\/rubystintengewisper.de\/?p=462","title":{"rendered":"Der strahlende Weg #1 &#8211; Die Pforte der Schatten"},"content":{"rendered":"\n<figure class=\"wp-block-image\"><a href=\"https:\/\/3.bp.blogspot.com\/-lWt3IkXU-8c\/WS6NDTdrQKI\/AAAAAAAAJ9g\/Q7-RlHDoc-wN63DO6BO5SXXz-QdwOEaWQCLcB\/s1600\/Schatten.png\"><img decoding=\"async\" src=\"https:\/\/3.bp.blogspot.com\/-lWt3IkXU-8c\/WS6NDTdrQKI\/AAAAAAAAJ9g\/Q7-RlHDoc-wN63DO6BO5SXXz-QdwOEaWQCLcB\/s1600\/Schatten.png\" alt=\"\"\/><\/a><\/figure>\n\n\n\n<p><em><strong>Titel:<\/strong><\/em>Die Pforte der Schatten <strong><em>englischer Titel: <\/em><\/strong>The Way Into Chaos <em><strong>Reihe:\u00a0<\/strong><\/em>Ja &#8211; Band 1 der &#8211; <em>Der strahlende Weg<\/em> &#8211; Buchreihe <em><strong>Sprache: <\/strong><\/em>Deutsch <em><strong>Autor:<\/strong><\/em>Dominic Smith <em><strong>Verlag: <\/strong><\/em><a href=\"https:\/\/www.randomhouse.de\/Paperback\/Die-Pforte-der-Schatten\/Harry-Connolly\/Blanvalet-Taschenbuch\/e491998.rhd\">blanvalet <\/a><em><strong>\u00a0Genre:<\/strong><\/em> Roman <em><strong>ISBN: <\/strong><\/em>978-3-7341-6087-5 <em><strong>Preis:<\/strong><\/em> 14,99 $ (D) Klappenbroschur <em><strong>Seiten: <\/strong><\/em>608 <em><strong>empfohlenes Alter:<\/strong><\/em> ab 16 Jahren <em><strong>Erschienen:<\/strong><\/em> 2. Januar 2017 <a href=\"https:\/\/www.randomhouse.de\/Paperback\/Die-Pforte-der-Schatten\/Harry-Connolly\/Blanvalet-Taschenbuch\/e491998.rhd\"><strong><em>Leseprobe<\/em><\/strong><\/a><br><br><em><strong>&#8222;Sorgt einfach daf\u00fcr, das Lar heute an seinem Platz ist. Und n\u00fcchtern. Er plant doch nicht etwa, ein zotiges Lied zu singen, oder? Irgendwer hat mir da was zugetragen.&#8220;&#8220;Wenn dem so ist, werde ich mein Bestes tun, ihn davon abzubringen.&#8220; Tejohn empfal sich.<\/strong><\/em><\/p>\n\n\n\n<figure class=\"wp-block-image\"><a href=\"http:\/\/1.bp.blogspot.com\/-FHNqpCaFZ7A\/U4XLKV3Jw4I\/AAAAAAAACUw\/uLk0JLuJG5A\/s1600\/Klappentext.png\"><img decoding=\"async\" src=\"https:\/\/1.bp.blogspot.com\/-FHNqpCaFZ7A\/U4XLKV3Jw4I\/AAAAAAAACUw\/uLk0JLuJG5A\/s1600\/Klappentext.png\" alt=\"\"\/><\/a><\/figure>\n\n\n\n<p>Das Reich von Peredain verdankt seine Macht dem mystischen Abendvolk. Alle 23 Jahre \u00f6ffnet sich ein Tor, und der Imperator von Peredain l\u00e4dt die Gesandten des Abendvolks zu einem Fest ein. Als Dank erh\u00e4lt er eine Gabe der Magie oder \u00fcberlegenes Wissen, mit dessen Hilfe die Familie des Imperators ihr Reich errichtet hat. Doch dieses Jahr tritt nicht das elfengleiche Abendvolk aus dem Tor, sondern riesige Bestien, die sich sofort auf die Anwesenden st\u00fcrzen. Nur Kronprinz Lar und einige seiner Freunde k\u00f6nnen dem Gemetzel entkommen. K\u00f6nnen sie verhindern, dass das Imperium zerbricht, und die Invasion aufhalten?<\/p>\n\n\n\n<figure class=\"wp-block-image\"><a href=\"http:\/\/4.bp.blogspot.com\/-7qcpKFrUqCw\/U-E2QDweZbI\/AAAAAAAADFw\/TVgpD0QrdJg\/s1600\/Cover.png\"><img decoding=\"async\" src=\"https:\/\/4.bp.blogspot.com\/-7qcpKFrUqCw\/U-E2QDweZbI\/AAAAAAAADFw\/TVgpD0QrdJg\/s1600\/Cover.png\" alt=\"\"\/><\/a><\/figure>\n\n\n\n<p>An diesem Cover kann man doch einfach h\u00e4ngen bleiben. Es hat so etwas geheimnisvolles an sich und eine tolle Bildtiefe. Gef\u00e4llt mir richtig gut. Die Szene selbst taucht allerdings nicht im Buch auf. Cool w\u00e4re nat\u00fcrlich auch gewesen, wenn diese Viecher mit drauf w\u00e4ren.&nbsp;<\/p>\n\n\n\n<figure class=\"wp-block-image\"><img decoding=\"async\" src=\"http:\/\/images.gr-assets.com\/books\/1418742853l\/18660656.jpg\" alt=\"Bildergebnis f\u00fcr The Way Into Chaos connelly\"\/><\/figure>\n\n\n\n<p>Das englische gef\u00e4llt mir gar nicht. Denke dabei nur ich an R\u00f6mer und Gladiatoren?<\/p>\n\n\n\n<figure class=\"wp-block-image\"><a href=\"https:\/\/4.bp.blogspot.com\/-dd82K6Upv9M\/WS6T2l2jqtI\/AAAAAAAAJ9w\/Bws9hWyMtio9ZZ_Av8Io7GxOH6jXj2gTgCLcB\/s1600\/Handlung.png\"><img decoding=\"async\" src=\"https:\/\/4.bp.blogspot.com\/-dd82K6Upv9M\/WS6T2l2jqtI\/AAAAAAAAJ9w\/Bws9hWyMtio9ZZ_Av8Io7GxOH6jXj2gTgCLcB\/s1600\/Handlung.png\" alt=\"\"\/><\/a><\/figure>\n\n\n\n<p>Erster Satz &#8211; <em><strong>Ohne R\u00fcstung kam sich Tyr Tejohn Treygar vor, als sei er in Ungnade gefallen.\u00a0<\/strong><\/em><br><br>Alle 23 Jahre findet im Reich Peredain ein fest zu Ehren des Abendvolks statt. Spiel und Spa\u00df stehen im Vordergrund und je nachdem wie viel Freude das Abendvolk daran hatte, desto st\u00e4rker ist der Zauber, den sie den Menschen des Reichs als Dank schenken. Auch dieses Mal sind die Vorbereitungen in vollem Gange. Doch als sich dieses Mal die Pforte \u00f6ffnet, schreitet nicht das Abendvolk hindurch, sondern ungeheuer. Riesig und intelligenter als gew\u00f6hnliche Tiere. Die K\u00f6nigsfamilie wird get\u00f6tet, alleine der Kronprinz entkommt. Wird jedoch auf der Flucht verwundet. Sein Todesurteil ohne zu sterben. Denn es hat einen Grund, weswegen diese Gesch\u00f6pfe die meisten Menschen nur verwunden. Ihr biss verbreitet einen Fluch. Und langsam beginnt sich der Prinz zu verwandeln. Ist das K\u00f6nigreich dem Untergang geweiht?<br><\/p>\n\n\n\n<figure class=\"wp-block-image\"><a href=\"https:\/\/3.bp.blogspot.com\/-qpk_4QzvLhg\/WT1RHs_7NYI\/AAAAAAAAKBc\/NvI10SRB6vckUmmBjyKiTA9-jsvFGFgjwCLcB\/s1600\/Schreibstil.png\"><img decoding=\"async\" src=\"https:\/\/3.bp.blogspot.com\/-qpk_4QzvLhg\/WT1RHs_7NYI\/AAAAAAAAKBc\/NvI10SRB6vckUmmBjyKiTA9-jsvFGFgjwCLcB\/s1600\/Schreibstil.png\" alt=\"\"\/><\/a><\/figure>\n\n\n\n<p>&nbsp;Mit einer tollen Sprache entf\u00fchrt uns der Autor in eine vollkommen neue Welt. Gleich zu beginn bekommt man in einem Gespr\u00e4ch die Bedeutung des Festes erkl\u00e4rt und wird von dessen Ausgang genau wie die Charaktere \u00fcberrascht. Eine rasante Flucht, Hilflosigkeit und dann beginnt es sich leider etwas zu ziehen. Die Charaktere sind bedacht darauf von A nach B zu kommen. Nat\u00fcrlich wichtig um erstmal warm mit den Charas zu werden, aber doch etwas trocken zwischenzeitlich, auch wenn man eine sch\u00f6ne Entwicklung gerade bei der jungen Gelehrten beobachten kann. Gegen Ende zieht es dann aber wieder an und macht viel Hunger auf Band 2. Besonders da so ein gewisses Versprechen in der Luft liegt, das alles erst Begonnen hat.<br><\/p>\n\n\n\n<figure class=\"wp-block-image\"><a href=\"https:\/\/3.bp.blogspot.com\/-zSDNf3Q9x4o\/WT1VRfO3MlI\/AAAAAAAAKBk\/vz6Q58NxgcM5ukcHatd8UejhLpLKZRctACLcB\/s1600\/Charaktere.png\"><img decoding=\"async\" src=\"https:\/\/3.bp.blogspot.com\/-zSDNf3Q9x4o\/WT1VRfO3MlI\/AAAAAAAAKBk\/vz6Q58NxgcM5ukcHatd8UejhLpLKZRctACLcB\/s1600\/Charaktere.png\" alt=\"\"\/><\/a><\/figure>\n\n\n\n<p>Lar mochte ich wahnsinnig gerne. Er ist ein etwas gem\u00fctlicher Prinz, der durch das Chaos in seinem Reich, das erste mal Verantwortung \u00fcbernimmt und darin eine tolle Entwicklung durchmacht. Seine Verfluchung macht das ganze nat\u00fcrlich noch besser, besonders als aus dem coolen Prinz ein Leichenfressendes Unget\u00fcm wird. Ob er wieder normal wird? Ich hoffe sehr, ich mag ihn einfach.<br>Die junge Gelehrte wird auch noch einige \u00dcberraschungen einbringen ich. Sie hat im laufe des Buches wohl die gr\u00f6\u00dfte Ver\u00e4nderung durchgemacht. Alleine weil sie es mit der Magie etwas sehr \u00fcbertrieben hat. Ich bin auch hier gespannt, wie das noch mit ihr weitergehen wird.<br>Dazu kommen noch einige Nebencharaktere, bei denen ich mir \u00fcber die Wichtigkeit noch nicht ganz sicher bin. Hier verschwimmen etwas die Grenzen zwischen Protas und Nebencharaktere. Was nicht unbedingt schlecht ist.&nbsp;<\/p>\n\n\n\n<figure class=\"wp-block-image\"><a href=\"https:\/\/2.bp.blogspot.com\/--qKMTMeXxe0\/WT1Z9k1fUJI\/AAAAAAAAKBs\/MumEKT0zVhgFGTA8N5dKmyZFr51kMBexgCLcB\/s1600\/Meinung.png\"><img decoding=\"async\" src=\"https:\/\/2.bp.blogspot.com\/--qKMTMeXxe0\/WT1Z9k1fUJI\/AAAAAAAAKBs\/MumEKT0zVhgFGTA8N5dKmyZFr51kMBexgCLcB\/s1600\/Meinung.png\" alt=\"\"\/><\/a><\/figure>\n\n\n\n<p>&nbsp;Trotz der L\u00e4nge im Mittelteil konnte mich das Buch mitrei\u00dfen. Alleine wegen dieser mal ganz frischen Idee und den Tausend Fragen, von denen ich bisher keine Einzige benatwortet bekommen habe. Sie t\u00fcrmen sich und machen richtig Neugierig. Gibt es Rettung vor diesen Gesch\u00f6pfen? Wird Lar \u00fcberleben? Wie reagieren die anderen Reiche? Ist das Abendvolk ausgel\u00f6scht? Und und und. Es ist gigantisch. Die versprengten Gef\u00e4hrten versuchen alle ihr m\u00f6glichstes. Doch wie stark sind sie alleine? Wie m\u00e4chtig ist diese neue, viel zu intelligente Feind wirklich? Versprechungen f\u00fcr den zweiten Band sind deutlich in die Geschichte eingewoben und ich hoffe auf Antworten und Aktion. Vielleicht ein bisschen weniger ruhe im Mittelteil. Auch die Regeln die der Magie unterworfen sind haben mir gut gefallen und geben der Welt eine interessante Tiefe. Denn wenn Magier nicht \u00fcberm\u00e4chtig sind, gibt das nat\u00fcrlich Spielraum.<br><\/p>\n\n\n\n<figure class=\"wp-block-image\"><a href=\"https:\/\/4.bp.blogspot.com\/-ikMUNpoVZoo\/WT1djmL5AsI\/AAAAAAAAKB0\/xPiQPNiSFAc3ayQ8WAPQ6gJSEKHO4eGcgCLcB\/s1600\/Fazit.png\"><img decoding=\"async\" src=\"https:\/\/4.bp.blogspot.com\/-ikMUNpoVZoo\/WT1djmL5AsI\/AAAAAAAAKB0\/xPiQPNiSFAc3ayQ8WAPQ6gJSEKHO4eGcgCLcB\/s1600\/Fazit.png\" alt=\"\"\/><\/a><\/figure>\n\n\n\n<p>Ein solider Start f\u00fcr diese Reihe die viele Fragen offen l\u00e4sst und es gerade in diesem Band eher auf die Charaktere absieht. Zum Ende nimmt alles dann mehr fahrt auf und verspricht eine Steigerung f\u00fcr Band zwei. Ich jedenfalls bin gespannt.<\/p>\n\n\n\n<figure class=\"wp-block-image\"><a href=\"https:\/\/2.bp.blogspot.com\/-KFegnhTUWwM\/WT1d4f2yy_I\/AAAAAAAAKB4\/u4Y13Wi8XXYpOuAXIaxYfWdxE-eHe7SfQCLcB\/s1600\/4.png\"><img decoding=\"async\" src=\"https:\/\/2.bp.blogspot.com\/-KFegnhTUWwM\/WT1d4f2yy_I\/AAAAAAAAKB4\/u4Y13Wi8XXYpOuAXIaxYfWdxE-eHe7SfQCLcB\/s1600\/4.png\" alt=\"\"\/><\/a><\/figure>\n\n\n\n<p>&nbsp;4 von 6 Kr\u00fcmelt\u00f6rtchen f\u00fcr den Auftakt und hohe Erwartungen an Band zwei.<\/p>\n","protected":false},"excerpt":{"rendered":"<p>Titel:Die Pforte der Schatten englischer Titel: The Way Into Chaos Reihe:\u00a0Ja &#8211; Band 1 der &#8211; Der strahlende Weg &#8211; Buchreihe Sprache: Deutsch Autor:Dominic Smith Verlag: blanvalet \u00a0Genre: Roman ISBN: 978-3-7341-6087-5 Preis: 14,99 $ (D) Klappenbroschur Seiten: 608 empfohlenes Alter:&#8230;<\/p>\n","protected":false},"author":1,"featured_media":0,"comment_status":"open","ping_status":"open","sticky":false,"template":"","format":"standard","meta":{"jetpack_post_was_ever_published":false,"_jetpack_newsletter_access":"","_jetpack_dont_email_post_to_subs":false,"_jetpack_newsletter_tier_id":0,"_jetpack_memberships_contains_paywalled_content":false,"_jetpack_memberships_contains_paid_content":false,"footnotes":"","_links_to":"","_links_to_target":""},"categories":[1],"tags":[],"class_list":["post-462","post","type-post","status-publish","format-standard","hentry","category-uncategorized"],"jetpack_featured_media_url":"","jetpack_likes_enabled":true,"jetpack-related-posts":[],"jetpack_sharing_enabled":true,"_links":{"self":[{"href":"https:\/\/rubystintengewisper.de\/index.php?rest_route=\/wp\/v2\/posts\/462","targetHints":{"allow":["GET"]}}],"collection":[{"href":"https:\/\/rubystintengewisper.de\/index.php?rest_route=\/wp\/v2\/posts"}],"about":[{"href":"https:\/\/rubystintengewisper.de\/index.php?rest_route=\/wp\/v2\/types\/post"}],"author":[{"embeddable":true,"href":"https:\/\/rubystintengewisper.de\/index.php?rest_route=\/wp\/v2\/users\/1"}],"replies":[{"embeddable":true,"href":"https:\/\/rubystintengewisper.de\/index.php?rest_route=%2Fwp%2Fv2%2Fcomments&post=462"}],"version-history":[{"count":1,"href":"https:\/\/rubystintengewisper.de\/index.php?rest_route=\/wp\/v2\/posts\/462\/revisions"}],"predecessor-version":[{"id":463,"href":"https:\/\/rubystintengewisper.de\/index.php?rest_route=\/wp\/v2\/posts\/462\/revisions\/463"}],"wp:attachment":[{"href":"https:\/\/rubystintengewisper.de\/index.php?rest_route=%2Fwp%2Fv2%2Fmedia&parent=462"}],"wp:term":[{"taxonomy":"category","embeddable":true,"href":"https:\/\/rubystintengewisper.de\/index.php?rest_route=%2Fwp%2Fv2%2Fcategories&post=462"},{"taxonomy":"post_tag","embeddable":true,"href":"https:\/\/rubystintengewisper.de\/index.php?rest_route=%2Fwp%2Fv2%2Ftags&post=462"}],"curies":[{"name":"wp","href":"https:\/\/api.w.org\/{rel}","templated":true}]}}