{"id":570,"date":"2021-07-09T14:11:00","date_gmt":"2021-07-09T14:11:00","guid":{"rendered":"http:\/\/rubystintengewisper.de\/?p=570"},"modified":"2021-08-10T14:12:23","modified_gmt":"2021-08-10T14:12:23","slug":"kurz-und-knapp-%e1%b5%a5%e1%b5%a5-der-kleine-vampir-1","status":"publish","type":"post","link":"https:\/\/rubystintengewisper.de\/?p=570","title":{"rendered":"[ Kurz und Knapp (\u2022\u0300\u1d65\u1d65\u2022\u0301) ] Der kleine Vampir #1"},"content":{"rendered":"\n<figure class=\"wp-block-image\"><a href=\"https:\/\/1.bp.blogspot.com\/-JUcx6h91NQ0\/YOmKyN5P_3I\/AAAAAAAARuc\/394jsbvyVfkq6S4yNyRf9MiEP7jx0VjwwCLcBGAsYHQ\/s630\/Vampir%2B1.png\"><img decoding=\"async\" src=\"https:\/\/1.bp.blogspot.com\/-JUcx6h91NQ0\/YOmKyN5P_3I\/AAAAAAAARuc\/394jsbvyVfkq6S4yNyRf9MiEP7jx0VjwwCLcBGAsYHQ\/s16000\/Vampir%2B1.png\" alt=\"\"\/><\/a><\/figure>\n\n\n\n<p><em><strong>Titel: <\/strong><\/em>Der kleine Vampir<br><em><strong>Reihe: <\/strong><\/em>Ja &#8211; Band 1 der &#8211; <em>Der kleine Vampir<\/em> &#8211; Novelreihe<br><em><strong>Genre: <\/strong><\/em>Fantasy <em><strong>\/ <\/strong><\/em>Kinderbuch<br><em><strong>Sprache: <\/strong><\/em>Deutsch<br><em><strong>Autor:&nbsp; <\/strong><\/em>Angela Sommer-Bodenburg<br><em><strong>Verlag: <\/strong><\/em>rororo rotfuchs<br><em><strong>ISBN: <\/strong><\/em>978-3-499202162<br><em><strong>Preis:<\/strong><\/em> 9,00 $ (D) Taschenbuch<br><em><strong>Seiten: <\/strong><\/em>128<br><em><strong>empfohlenes Alter:<\/strong><\/em> ab 8 Jahren<br><em><strong>Erschienen: <\/strong><\/em>1. Mai 1997<br>Leseprobe<\/p>\n\n\n\n<p><em><strong>&nbsp;&#8222;Er ist weg&#8220;, sagte der kleine Vampir, &#8222;jetzt kann ich dir meinen Sarg zeigen.&#8220;<\/strong><\/em><br><br><\/p>\n\n\n\n<figure class=\"wp-block-image\"><a href=\"https:\/\/3.bp.blogspot.com\/-Swq8TaXOhfo\/XFyceNbeEsI\/AAAAAAAANnE\/gRSyoXwIVNkUwgtGXBr8SP79ZtewAgrQwCLcBGAs\/s1600\/Klappentext%2BFeder.png\"><img decoding=\"async\" src=\"https:\/\/3.bp.blogspot.com\/-Swq8TaXOhfo\/XFyceNbeEsI\/AAAAAAAANnE\/gRSyoXwIVNkUwgtGXBr8SP79ZtewAgrQwCLcBGAs\/s1600\/Klappentext%2BFeder.png\" alt=\"\"\/><\/a><\/figure>\n\n\n\n<p>Anton liest f\u00fcr sein Leben gern Gruselgeschichten \u2013\u2013 vor allem \u00fcber Vampire. Von einem Vampir wie R\u00fcdiger aber hat Anton noch nie geh\u00f6rt. Ein richtig netter Vampir ist das. Wenn blo\u00df seine Eltern nicht so neugierig w\u00e4ren. Wie soll Anton ihnen erkl\u00e4ren, warum sein neuer Freund nie den sch\u00e4bigen schwarzen Umhang ablegt, immerzu eine Hand vor den Mund h\u00e4lt und dazu noch so merkw\u00fcrdig riecht?&nbsp;&nbsp;<\/p>\n\n\n\n<figure class=\"wp-block-image\"><a href=\"https:\/\/1.bp.blogspot.com\/-l-lSeVrvgGk\/YOmSQUk5xvI\/AAAAAAAARuk\/pwPyRBRfv_Qrgr9eBlNOONDT0THaYW4uACLcBGAsYHQ\/s297\/Cover%2BFeder.png\"><img decoding=\"async\" src=\"https:\/\/1.bp.blogspot.com\/-l-lSeVrvgGk\/YOmSQUk5xvI\/AAAAAAAARuk\/pwPyRBRfv_Qrgr9eBlNOONDT0THaYW4uACLcBGAsYHQ\/s0\/Cover%2BFeder.png\" alt=\"\"\/><\/a><\/figure>\n\n\n\n<p>&nbsp;&nbsp;Dieses Buch hat schon so viele Jahre auf dem Buckel, dass es kaum wundert, dass es schon einige verschiedene Cover gegeben hat. Einige davon habe ich euch mal rausgesucht.<\/p>\n\n\n\n<figure class=\"wp-block-image\"><a href=\"https:\/\/1.bp.blogspot.com\/-zrPKOxETZME\/YOmXcRPxXxI\/AAAAAAAARu0\/Hgju0eUFPX8U0DxOAoAwuI975GNbCtkegCLcBGAsYHQ\/s2048\/91cgO2SESKL.jpg\"><img decoding=\"async\" src=\"https:\/\/1.bp.blogspot.com\/-zrPKOxETZME\/YOmXcRPxXxI\/AAAAAAAARu0\/Hgju0eUFPX8U0DxOAoAwuI975GNbCtkegCLcBGAsYHQ\/w131-h200\/91cgO2SESKL.jpg\" alt=\"\"\/><\/a><\/figure>\n\n\n\n<figure class=\"wp-block-image\"><a href=\"https:\/\/1.bp.blogspot.com\/-PeEosyAODqc\/YOmXcIwdmwI\/AAAAAAAARus\/NMl2J3XvgI47f3VPBcdquszxQLSpoFhIQCLcBGAsYHQ\/s330\/M03499212951-large.jpg\"><img decoding=\"async\" src=\"https:\/\/1.bp.blogspot.com\/-PeEosyAODqc\/YOmXcIwdmwI\/AAAAAAAARus\/NMl2J3XvgI47f3VPBcdquszxQLSpoFhIQCLcBGAsYHQ\/w133-h200\/M03499212951-large.jpg\" alt=\"\"\/><\/a><\/figure>\n\n\n\n<figure class=\"wp-block-image\"><a href=\"https:\/\/1.bp.blogspot.com\/--ws4g9roQZA\/YOmXcHkojII\/AAAAAAAARuw\/oYP3G3kDEUQZ-1eNceSAkIKuPr7H-hmHACLcBGAsYHQ\/s1605\/81gG6Z5x37L.jpg\"><img decoding=\"async\" src=\"https:\/\/1.bp.blogspot.com\/--ws4g9roQZA\/YOmXcHkojII\/AAAAAAAARuw\/oYP3G3kDEUQZ-1eNceSAkIKuPr7H-hmHACLcBGAsYHQ\/w121-h200\/81gG6Z5x37L.jpg\" alt=\"\"\/><\/a><\/figure>\n\n\n\n<p><a href=\"https:\/\/1.bp.blogspot.com\/-zrPKOxETZME\/YOmXcRPxXxI\/AAAAAAAARu0\/Hgju0eUFPX8U0DxOAoAwuI975GNbCtkegCLcBGAsYHQ\/s2048\/91cgO2SESKL.jpg\"><\/a><br>Es gibt auch eine echt h\u00fcbsche Sammeledition im Hardcover. Leider hielt der Verlag irgendwie die ersten B\u00e4nde dabei nicht f\u00fcr sooo wichtig, weswegen die ersten 5-6 B\u00e4nde der Reihe in dieser Sammeledition erstmal komplett fehlen. Zumindest habe ich nirgends Infos dazu gefunden. Ziemlich schade, wenn ihr mich fragt. Immerhin will man, wenn man sich so etwas kauft, auch wirklich alle Teile beisammen haben. Ich w\u00e4re mit gro\u00dfer Wahrscheinlichkeit auch schwach geworden. Sehen einfach schick und hochwertig aus.&nbsp;&nbsp;<\/p>\n\n\n\n<figure class=\"wp-block-image\"><a href=\"https:\/\/1.bp.blogspot.com\/-C9ZHLAcfouk\/YOmaGw7gTAI\/AAAAAAAARvA\/SVJiT--oFvgeBfBxIocmoee9Jz070FBpgCLcBGAsYHQ\/s297\/Meinung%2BFeder.png\"><img decoding=\"async\" src=\"https:\/\/1.bp.blogspot.com\/-C9ZHLAcfouk\/YOmaGw7gTAI\/AAAAAAAARvA\/SVJiT--oFvgeBfBxIocmoee9Jz070FBpgCLcBGAsYHQ\/s0\/Meinung%2BFeder.png\" alt=\"\"\/><\/a><\/figure>\n\n\n\n<p>&nbsp;Ich denke mal die Meisten kennen zumindest den Anfang der Geschichte zwischen R\u00fcdiger und Anton. Einer ganz besonderen Freundschaft die einen durch viele B\u00e4nde hinweg begleiten tut. Ich habe als Kind die ersten Teile immer und immer wieder aus der Bibliothek ausgeliehen. Dass das nur die ersten 5-6 waren, hatte ich damals nat\u00fcrlich nicht gewusst und es bis heute vers\u00e4umt, die Reihe mal wirklich durchzulesen. Nun wird das nachgeholt.<\/p>\n\n\n\n<p>Allerdings hat sich eines seit damals nicht ver\u00e4ndert. Ich finde Antons Eltern noch immer schrecklich. Die \u00fcberwachen ihr Kind total, l\u00e4stern in seiner Gegenwart im Grunde \u00fcber seine Freunde und versuchen ihn st\u00e4ndig zu kontrollieren. Schon als Kind fand ich das unglaublich nervig. Wie gut, dass es Anton da genauso geht. So verschw\u00f6rt man sich recht bald mit ihm zusammen gegen seine Eltern und freut sich diebisch, wenn er sie mal wieder ausgetrickst hat.Ich bin gespannt wie sich das durch \u00fcber 20 weitere B\u00e4nde noch entwickelt. \u2665<\/p>\n\n\n\n<figure class=\"wp-block-image\"><a href=\"https:\/\/1.bp.blogspot.com\/-J80rhTKWbV0\/YOmcAzISbHI\/AAAAAAAARvI\/nzc9kbnKHH0PwtcWFgMG7SzCN_bEyCuBQCLcBGAsYHQ\/s297\/Fazid%2BFeder%2BKopie.png\"><img decoding=\"async\" src=\"https:\/\/1.bp.blogspot.com\/-J80rhTKWbV0\/YOmcAzISbHI\/AAAAAAAARvI\/nzc9kbnKHH0PwtcWFgMG7SzCN_bEyCuBQCLcBGAsYHQ\/s0\/Fazid%2BFeder%2BKopie.png\" alt=\"\"\/><\/a><\/figure>\n\n\n\n<p>Der kleine Vampir und sein bester Freund Anton geh\u00f6ren zwar in die Sparte der Kinderklassiker, sind aber auch heute noch f\u00fcr Gro\u00df und Klein etwas besonderes. Und es ist einfach mal erfrischend, ein Kinderbuch zu lesen, wo nicht um das Thema Tod so herumgetanzt wird.<\/p>\n\n\n\n<figure class=\"wp-block-image\"><a href=\"https:\/\/1.bp.blogspot.com\/-q8YsHFGxM1k\/YOmcXSZ_dzI\/AAAAAAAARvQ\/6vTZhFpPFiEG6J7Rzfqx_VGMZHkRtauwgCLcBGAsYHQ\/s421\/6.png\"><img decoding=\"async\" src=\"https:\/\/1.bp.blogspot.com\/-q8YsHFGxM1k\/YOmcXSZ_dzI\/AAAAAAAARvQ\/6vTZhFpPFiEG6J7Rzfqx_VGMZHkRtauwgCLcBGAsYHQ\/s320\/6.png\" alt=\"\"\/><\/a><\/figure>\n\n\n\n<p>6 von 6 Kr\u00fcmelt\u00f6rtchen f\u00fcr eine bissige Freundschaft. (\u2022\u0300\u1d65\u1d65\u2022\u0301)<\/p>\n","protected":false},"excerpt":{"rendered":"<p>Titel: Der kleine VampirReihe: Ja &#8211; Band 1 der &#8211; Der kleine Vampir &#8211; NovelreiheGenre: Fantasy \/ KinderbuchSprache: DeutschAutor:&nbsp; Angela Sommer-BodenburgVerlag: rororo rotfuchsISBN: 978-3-499202162Preis: 9,00 $ (D) TaschenbuchSeiten: 128empfohlenes Alter: ab 8 JahrenErschienen: 1. Mai 1997Leseprobe &nbsp;&#8222;Er ist weg&#8220;, sagte&#8230;<\/p>\n","protected":false},"author":1,"featured_media":0,"comment_status":"open","ping_status":"open","sticky":false,"template":"","format":"standard","meta":{"jetpack_post_was_ever_published":false,"_jetpack_newsletter_access":"","_jetpack_dont_email_post_to_subs":false,"_jetpack_newsletter_tier_id":0,"_jetpack_memberships_contains_paywalled_content":false,"_jetpack_memberships_contains_paid_content":false,"footnotes":"","_links_to":"","_links_to_target":""},"categories":[1],"tags":[],"class_list":["post-570","post","type-post","status-publish","format-standard","hentry","category-uncategorized"],"jetpack_featured_media_url":"","jetpack_likes_enabled":true,"jetpack-related-posts":[],"jetpack_sharing_enabled":true,"_links":{"self":[{"href":"https:\/\/rubystintengewisper.de\/index.php?rest_route=\/wp\/v2\/posts\/570","targetHints":{"allow":["GET"]}}],"collection":[{"href":"https:\/\/rubystintengewisper.de\/index.php?rest_route=\/wp\/v2\/posts"}],"about":[{"href":"https:\/\/rubystintengewisper.de\/index.php?rest_route=\/wp\/v2\/types\/post"}],"author":[{"embeddable":true,"href":"https:\/\/rubystintengewisper.de\/index.php?rest_route=\/wp\/v2\/users\/1"}],"replies":[{"embeddable":true,"href":"https:\/\/rubystintengewisper.de\/index.php?rest_route=%2Fwp%2Fv2%2Fcomments&post=570"}],"version-history":[{"count":1,"href":"https:\/\/rubystintengewisper.de\/index.php?rest_route=\/wp\/v2\/posts\/570\/revisions"}],"predecessor-version":[{"id":571,"href":"https:\/\/rubystintengewisper.de\/index.php?rest_route=\/wp\/v2\/posts\/570\/revisions\/571"}],"wp:attachment":[{"href":"https:\/\/rubystintengewisper.de\/index.php?rest_route=%2Fwp%2Fv2%2Fmedia&parent=570"}],"wp:term":[{"taxonomy":"category","embeddable":true,"href":"https:\/\/rubystintengewisper.de\/index.php?rest_route=%2Fwp%2Fv2%2Fcategories&post=570"},{"taxonomy":"post_tag","embeddable":true,"href":"https:\/\/rubystintengewisper.de\/index.php?rest_route=%2Fwp%2Fv2%2Ftags&post=570"}],"curies":[{"name":"wp","href":"https:\/\/api.w.org\/{rel}","templated":true}]}}