{"id":817,"date":"2018-09-28T19:29:00","date_gmt":"2018-09-28T19:29:00","guid":{"rendered":"http:\/\/rubystintengewisper.de\/?p=817"},"modified":"2021-08-10T19:30:34","modified_gmt":"2021-08-10T19:30:34","slug":"odinskind","status":"publish","type":"post","link":"https:\/\/rubystintengewisper.de\/?p=817","title":{"rendered":"Odinskind"},"content":{"rendered":"\n<figure class=\"wp-block-image\"><a href=\"https:\/\/2.bp.blogspot.com\/-N5ACh3hloX8\/W6FBe9j2aaI\/AAAAAAAAM4A\/V9W3rAbfyU8bq-qfqSabrBoQttxAalKlgCLcBGAs\/s1600\/Odinskind.png\"><img decoding=\"async\" src=\"https:\/\/2.bp.blogspot.com\/-N5ACh3hloX8\/W6FBe9j2aaI\/AAAAAAAAM4A\/V9W3rAbfyU8bq-qfqSabrBoQttxAalKlgCLcBGAs\/s1600\/Odinskind.png\" alt=\"\"\/><\/a><\/figure>\n\n\n\n<p><em><strong>Titel:<\/strong><\/em>Odinskind <em><strong>norwegischer Titel<\/strong><\/em>: Ravneringe &#8211; Odinsbarn <em><strong>Reihe: <\/strong><\/em>Ja-Band 1 der &#8211; <em>Rabenringe <\/em>&#8211; Buchreihe <em><strong>Sprache: <\/strong><\/em>Deutsch <em><strong>Autor:\u00a0 <\/strong><\/em>Siri Pettersen <em><strong>Verlag:<\/strong><\/em><a href=\"https:\/\/www.w1-media.de\/produkte\/die-rabenringe-odinskind-bd-1-1244?verlag=arctis\">Arctis Verlag<\/a><em><strong>\u00a0Genre:<\/strong><\/em> Fantasy <em><strong>ISBN:\u00a0<\/strong><\/em>978-3-038-80013-2 <em><strong>Preis:<\/strong><\/em> 20,00 $ (D) Hardcover <em><strong>Seiten: <\/strong><\/em>656 <em><strong>empfohlenes Alter:<\/strong><\/em> ab 16 Jahren <em><strong>Erschienen: <\/strong><\/em>20. Juli 2018 <em><strong><a href=\"https:\/\/www.w1-media.de\/produkte\/die-rabenringe-odinskind-bd-1-1244?verlag=arctis\">Leseprobe<\/a> <\/strong><\/em><\/p>\n\n\n\n<p><\/p>\n\n\n\n<p><em><strong>Und f\u00fcr dich und alle, die immer B\u00fccher gelesen haben, von denen noch nie jemand geh\u00f6rt hat. F\u00fcr alle, die etwas anders waren und in der Klasse immer ganz hinten sa\u00dfen F\u00fcr alle, die in einem dunklen Keller aufgewachsen sind, wo W\u00fcrfel \u00fcber euer Schicksal entschieden. F\u00fcr alle, die sich immer noch verkleiden. F\u00fcr alle, die nie richtig dazugeh\u00f6rten und oft das Gef\u00fchl hatten, zur falschen Zeit am falschen Ort zu sein.\u00a0Das hier ist euer Buch.<\/strong><\/em><br><br><\/p>\n\n\n\n<figure class=\"wp-block-image\"><a href=\"https:\/\/1.bp.blogspot.com\/-b6MeQVgekIY\/W4hCDKmZ1UI\/AAAAAAAAM0Q\/I9L4JB_WUFssly7SfXApbIdTog118R48gCLcBGAs\/s1600\/Klappentext%2BFeder.png\"><img decoding=\"async\" src=\"https:\/\/1.bp.blogspot.com\/-b6MeQVgekIY\/W4hCDKmZ1UI\/AAAAAAAAM0Q\/I9L4JB_WUFssly7SfXApbIdTog118R48gCLcBGAs\/s1600\/Klappentext%2BFeder.png\" alt=\"\"\/><\/a><\/figure>\n\n\n\n<p>Hirka ist in Ymsland aufgewachsen. Mit f\u00fcnfzehn findet sie heraus, dass sie ein Odinskind ist \u2013 ein schwanzloses Wesen aus einer anderen Welt. Von nun an \u00e4ndert sich alles: Sie wei\u00df weder, wer sie ist, noch, wohin sie geh\u00f6rt. Sie wei\u00df nur, dass ihr Leben auf dem Spiel steht. Aber das ist nur der Anfang, denn Hirka ist nicht die einzige Fremde, die es durch die Steintore nach Ym verschlagen hat \u2026<br><br><br><\/p>\n\n\n\n<figure class=\"wp-block-image\"><a href=\"https:\/\/1.bp.blogspot.com\/-sRXner2Lx0c\/W4xQbeBIoYI\/AAAAAAAAM1E\/BlHDzmyhxx4H4DvyEAIJJ1I-Vypbpz_jQCLcBGAs\/s1600\/Cover%2BFeder.png\"><img decoding=\"async\" src=\"https:\/\/1.bp.blogspot.com\/-sRXner2Lx0c\/W4xQbeBIoYI\/AAAAAAAAM1E\/BlHDzmyhxx4H4DvyEAIJJ1I-Vypbpz_jQCLcBGAs\/s1600\/Cover%2BFeder.png\" alt=\"\"\/><\/a><\/figure>\n\n\n\n<p><a href=\"https:\/\/imgcdn.saxo.com\/_9788763842303\"><\/a>An und f\u00fcr sich ist das Cover eher sehr unauff\u00e4llig. Grau und braun. Etwas Schwarz. Ein leises Cover sozusagen, das seine Geschichte vielleicht auch etwas f\u00fcr sich behalten will. Und dennoch finde ich es gerade in seiner Schlichtheit unglaublich sch\u00f6n. Der Schwanz l\u00e4uft \u00fcbrigens bis auf die Einbandr\u00fcckseite. Ein tolles Detail das einem tats\u00e4chlich in seiner Symbolik \u00f6fter im Buch begegnet. Das norwegische Cover ist dem deutschen bis auf die Positionierung des Schweifs sehr \u00e4hnlich. Sch\u00f6nd as es \u00fcbernommen wurde. Nebenbei bemerkt ihr bestimmt, wenn ihr euch das norwegische Cover anschaut, das ihr sogar gro\u00dfteils versteht, was da steht. Ich finde diese Sprache alleine wegen diesem Detail so cool.<br><br><\/p>\n\n\n\n<figure class=\"wp-block-image\"><a href=\"https:\/\/2.bp.blogspot.com\/-Emh6QeUZiAc\/W4hCWVG1mzI\/AAAAAAAAM0Y\/hsl7doK4BJ4Rbi9KM_670YNiFSAKEpLQACLcBGAs\/s1600\/Hndlung%2BFeder.png\"><img decoding=\"async\" src=\"https:\/\/2.bp.blogspot.com\/-Emh6QeUZiAc\/W4hCWVG1mzI\/AAAAAAAAM0Y\/hsl7doK4BJ4Rbi9KM_670YNiFSAKEpLQACLcBGAs\/s1600\/Hndlung%2BFeder.png\" alt=\"\"\/><\/a><\/figure>\n\n\n\n<p>Erster Satz &#8211; <em><strong>Thorrald schl\u00fcpfte gerade noch zur T\u00fcr herein, konnte sie aber nicht mehr hinter sich schlie\u00dfen.&nbsp;<\/strong><\/em><br><br>Hirka w\u00e4chst wie alle anderen in einem Dorf in Ymsland auf. Doch anders als alle anderen, hat sie keinen Schwant. Als Baby haben die W\u00f6lfe ihn ihr genommen. Das zumindest erz\u00e4hlt ihr Vater, wenn sie danach fragt. Als die Wahrheit jedoch nicht mehr zu verbergen ist, steht f\u00fcr Hirka alles auf dem Spiel. Ist sie doch das, was die Ym f\u00fcrchten. Eine Emblatochter. Die F\u00e4ulnis. Ein erdblindes Gesch\u00f6pf das die grausigen Sagengestalten der Blinden ins Land locken w\u00fcrde. F\u00fcr Hirka beginnt ein Wettlauf mit dem Tod. Wie gut, dass sie nicht alleine ist. Denn sie hat in diesem Land, das sie tot sehen will Verb\u00fcndete gefunden. Wie ihren Kindheitsfreund Rime. Doch bald schon hoben sich die Schwingen des Raben und enth\u00fcllten eine schockierende Wahrheit.<br><\/p>\n\n\n\n<figure class=\"wp-block-image\"><a href=\"https:\/\/3.bp.blogspot.com\/-KMrYdzxx3a8\/W6FL_NTtV2I\/AAAAAAAAM4M\/8d9ll6IzJ-EE9glEr0CxemmRoMACtQO_QCLcBGAs\/s1600\/Schreibstil%2BFeder.png\"><img decoding=\"async\" src=\"https:\/\/3.bp.blogspot.com\/-KMrYdzxx3a8\/W6FL_NTtV2I\/AAAAAAAAM4M\/8d9ll6IzJ-EE9glEr0CxemmRoMACtQO_QCLcBGAs\/s1600\/Schreibstil%2BFeder.png\" alt=\"\"\/><\/a><\/figure>\n\n\n\n<p>Das Buch springt zwischen drei Perspektiven hin und her. Einmal Hirka, dann Rime und schlie\u00dflich zu Urd. Dabei laufen sie auch gerne einmal scheinbar komplett ohne Ber\u00fchrungspunkte nebeneinander her. Doch je weiter man kommt desto mehr verweben sich diese Punkte und ergeben ein gro\u00dfes Ganzes mit vielen, vielen Fragezeichen. Alleine f\u00fcr diesen Cliffhanger am Ende geh\u00f6rt die Autorin ja gefedert. *grins*<br>Aber zur\u00fcck zum Text. Neben den Perspektivwechsel f\u00e4llt dieses Buch besonders durch die Ruhe im Text aus. Klar gibts auch mal Aktion, aber es ist eher diese lauernde Anspannung, das steigernde Gef\u00fchl das etwas nicht Stimme und die leise Bedrohung die diese Geschichte tr\u00e4gt. Dabei gef\u00e4llt mir besonders die \u00dcbersetzung. Sie st\u00fcrzt sich nicht auf jedes Wort, sondern l\u00e4sst die passenden Dinge eben auch mal im norwegischen wie &#8222;Mester&#8220;. Das gibt der Geschichte viel Leben.<\/p>\n\n\n\n<p><br><em><strong>Hirka l\u00e4chelte, als sie sp\u00fcrte, wie sich die W\u00e4rme in ihrem K\u00f6rper ausbreitete.Das hier war der Geschmack der Erde. Genau wie Tee.\u00a0Damit komme ich dem Umarmen am n\u00e4chsten.\u00a0<\/strong><\/em><\/p>\n\n\n\n<p><br>Was mir auch sehr gefallen hat &#8211; und da werden sich sicherlich andere Geister scheiden &#8211; war das nicht jeder Pups erkl\u00e4rt wurde. So sprechen die YM und auch Hirka immer vom Umarmen. Doch eine wirkliche, detaillierte Erkl\u00e4rung was das nun genau ist und wie das funktioniert bekommt man nie. Mir selber hat das nicht gefehlt. Ich wusste, sp\u00fcrte, was gemeint war.<br><\/p>\n\n\n\n<figure class=\"wp-block-image\"><a href=\"https:\/\/3.bp.blogspot.com\/-gcB11VG4h4A\/W6FOuP2EN-I\/AAAAAAAAM4Y\/Eort0lLFUFksT9xC_stdDgNgNmaccM03QCLcBGAs\/s1600\/Charaktere%2BFeder.png\"><img decoding=\"async\" src=\"https:\/\/3.bp.blogspot.com\/-gcB11VG4h4A\/W6FOuP2EN-I\/AAAAAAAAM4Y\/Eort0lLFUFksT9xC_stdDgNgNmaccM03QCLcBGAs\/s1600\/Charaktere%2BFeder.png\" alt=\"\"\/><\/a><\/figure>\n\n\n\n<p>Hirka fand ich von den ersten Seiten an toll. Sie ist ein Stehaufm\u00e4nnchen das ihre eigenen Gef\u00fchle verbirgt. Das f\u00fcr andere alles tun w\u00fcrde und tut. Ein M\u00e4dchen das scheu ist aus Gr\u00fcnden die ihrem Instinkt und ihrer Erziehung zugrunde liegen und die keinen Respekt vor sinnlosen Titel hat. Das und mit ihrer Klugheit hat sie sich einen Platz in meinem Herzen erk\u00e4mpft.<br>Dann Rime. Anfangs war ich etwas skeptisch und bin ihm inzwischen verfallen. Rime ist klasse. Ein Junge aus gutem Haus, einer der m\u00e4chtigsten Umarmer und jemand der den Platz im Rat f\u00fcr eine Horde Auftragsm\u00f6rder &#8211; Achtung stark vereinfachte Darstellung der Schwarzr\u00f6cke &#8211; hinter sich gelassen hat. Wie kann man ihn nicht klasse finden?<\/p>\n\n\n\n<p><br><em><strong>Sie besa\u00dfen Schriften \u00fcber nahezu alles: \u00fcber den Seher, \u00fcber die Kriege, \u00fcber die Gro\u00dfartigkeit Mannfallas, \u00fcber die klassische Schuhnaht aus Bokesj und verwirrte Schmetterlinge in Norrvarje, die im Winter herumflogen.<\/strong><\/em><\/p>\n\n\n\n<p><br>Dazu kommen gro\u00dfe und kleine Nebenfiguren, die gleichzeitig so toll gezeichnet sind, das sie vielleicht auhc mal eine gr\u00f6\u00dfere Rolle tragen k\u00f6nnen. In ihnen liegt viel Herzblut. Egal ob sie mal 20 oder nur 2 Seiten auftauchen. Hier haben wir Leben in den Seiten.<\/p>\n\n\n\n<figure class=\"wp-block-image\"><a href=\"https:\/\/1.bp.blogspot.com\/-_tEl-LAzqNw\/W6FRJbnLfWI\/AAAAAAAAM4k\/bQm0VTf5s4M6inlmLhKZ-AHwg7KYdIxIACLcBGAs\/s1600\/Meinung%2BFeder.png\"><img decoding=\"async\" src=\"https:\/\/1.bp.blogspot.com\/-_tEl-LAzqNw\/W6FRJbnLfWI\/AAAAAAAAM4k\/bQm0VTf5s4M6inlmLhKZ-AHwg7KYdIxIACLcBGAs\/s1600\/Meinung%2BFeder.png\" alt=\"\"\/><\/a><\/figure>\n\n\n\n<p>&nbsp; Ich bin immer noch so unglaublich froh dar\u00fcber, das eine Kollegin mir in der Pause von diesem Buch erz\u00e4hlt hat. Ich war schon nach wenigen S\u00e4tzen fasziniert. Alleine, weil doch nicht so viel nordische Fantasy auf dem Markt ist. Und dann war es ein Buch, das ohne Schlachtenchaos direkt einen Nerv traf. Mit einer Geschichte die sicherlich auch etwas f\u00fcr den m\u00e4nnlichen Teil der Bev\u00f6lkerung ist. Ein Buch voller L\u00fcgen, Halbwahrheiten, Hoffnungen und ja, auch ein wenig Liebe. Eine tolle Mischung und ein wahrer Schatz im Regal.<\/p>\n\n\n\n<figure class=\"wp-block-image\"><a href=\"https:\/\/4.bp.blogspot.com\/-tPFSA2y8Lrk\/W6FR35tbK3I\/AAAAAAAAM4s\/BehN0_SbfnIOBO3l78udz_aPN66Q8oT1gCLcBGAs\/s1600\/Fazid%2BFeder.png\"><img decoding=\"async\" src=\"https:\/\/4.bp.blogspot.com\/-tPFSA2y8Lrk\/W6FR35tbK3I\/AAAAAAAAM4s\/BehN0_SbfnIOBO3l78udz_aPN66Q8oT1gCLcBGAs\/s1600\/Fazid%2BFeder.png\" alt=\"\"\/><\/a><\/figure>\n\n\n\n<p>Dieses Buch einzusch\u00e4tzen ist nicht so leicht und gerade zum Ende gibt es so manche \u00dcberraschung. Ruhig, ein wenig leise und doch so fesselnd, das ein Tag einfach nicht gen\u00fcgend Stunden zu haben scheint.<br>Und es ist das erste Buch, bei dem die Widmung &#8211; ich habe sie euch oben abgetippt &#8211; mich direkt ins Herz getroffen hat.<\/p>\n\n\n\n<figure class=\"wp-block-image\"><a href=\"https:\/\/1.bp.blogspot.com\/-WW6vTJaaVbU\/W6FSO07hLSI\/AAAAAAAAM40\/ZWSVoV4zJ98sM05T9yNR501tV2MmuWbuQCLcBGAs\/s1600\/6.png\"><img decoding=\"async\" src=\"https:\/\/1.bp.blogspot.com\/-WW6vTJaaVbU\/W6FSO07hLSI\/AAAAAAAAM40\/ZWSVoV4zJ98sM05T9yNR501tV2MmuWbuQCLcBGAs\/s320\/6.png\" alt=\"\"\/><\/a><\/figure>\n\n\n\n<p>6 von 6 Kr\u00fcmelt\u00f6rtchen f\u00fcr diese versteckte Perle. Im Janur kommt endlich Band 2. OMG wie soll ich es bis dahin aushalten?<\/p>\n","protected":false},"excerpt":{"rendered":"<p>Titel:Odinskind norwegischer Titel: Ravneringe &#8211; Odinsbarn Reihe: Ja-Band 1 der &#8211; Rabenringe &#8211; Buchreihe Sprache: Deutsch Autor:\u00a0 Siri Pettersen Verlag:Arctis Verlag\u00a0Genre: Fantasy ISBN:\u00a0978-3-038-80013-2 Preis: 20,00 $ (D) Hardcover Seiten: 656 empfohlenes Alter: ab 16 Jahren Erschienen: 20. Juli 2018 Leseprobe&#8230;<\/p>\n","protected":false},"author":1,"featured_media":0,"comment_status":"open","ping_status":"open","sticky":false,"template":"","format":"standard","meta":{"jetpack_post_was_ever_published":false,"_jetpack_newsletter_access":"","_jetpack_dont_email_post_to_subs":false,"_jetpack_newsletter_tier_id":0,"_jetpack_memberships_contains_paywalled_content":false,"_jetpack_memberships_contains_paid_content":false,"footnotes":"","_links_to":"","_links_to_target":""},"categories":[1],"tags":[],"class_list":["post-817","post","type-post","status-publish","format-standard","hentry","category-uncategorized"],"jetpack_featured_media_url":"","jetpack_likes_enabled":true,"jetpack-related-posts":[],"jetpack_sharing_enabled":true,"_links":{"self":[{"href":"https:\/\/rubystintengewisper.de\/index.php?rest_route=\/wp\/v2\/posts\/817","targetHints":{"allow":["GET"]}}],"collection":[{"href":"https:\/\/rubystintengewisper.de\/index.php?rest_route=\/wp\/v2\/posts"}],"about":[{"href":"https:\/\/rubystintengewisper.de\/index.php?rest_route=\/wp\/v2\/types\/post"}],"author":[{"embeddable":true,"href":"https:\/\/rubystintengewisper.de\/index.php?rest_route=\/wp\/v2\/users\/1"}],"replies":[{"embeddable":true,"href":"https:\/\/rubystintengewisper.de\/index.php?rest_route=%2Fwp%2Fv2%2Fcomments&post=817"}],"version-history":[{"count":1,"href":"https:\/\/rubystintengewisper.de\/index.php?rest_route=\/wp\/v2\/posts\/817\/revisions"}],"predecessor-version":[{"id":819,"href":"https:\/\/rubystintengewisper.de\/index.php?rest_route=\/wp\/v2\/posts\/817\/revisions\/819"}],"wp:attachment":[{"href":"https:\/\/rubystintengewisper.de\/index.php?rest_route=%2Fwp%2Fv2%2Fmedia&parent=817"}],"wp:term":[{"taxonomy":"category","embeddable":true,"href":"https:\/\/rubystintengewisper.de\/index.php?rest_route=%2Fwp%2Fv2%2Fcategories&post=817"},{"taxonomy":"post_tag","embeddable":true,"href":"https:\/\/rubystintengewisper.de\/index.php?rest_route=%2Fwp%2Fv2%2Ftags&post=817"}],"curies":[{"name":"wp","href":"https:\/\/api.w.org\/{rel}","templated":true}]}}